{"id":908,"date":"2020-08-07T23:08:12","date_gmt":"2020-08-07T21:08:12","guid":{"rendered":"https:\/\/thinkadvantage.ch\/?p=908"},"modified":"2020-08-07T23:08:12","modified_gmt":"2020-08-07T21:08:12","slug":"chillout-thermikcamp-day-2","status":"publish","type":"post","link":"https:\/\/www.raphaeleymann.ch\/?p=908","title":{"rendered":"Chillout Thermikcamp &#8211; Day 2"},"content":{"rendered":"\n<p>Heute haben wir uns wieder 09:15 im Shop getroffen. Zuerst wurde der gestrige Tag besprochen inkl. unserer Starts. Kari war mit meinem Start zwar zufrieden, aber ich m\u00fcsste viel mehr Kontrollphase einbauen. Da hat er vollkommen recht. Beim Rest des Kurses sahen die meisten Starts sehr gut aus und es gab nur details zu korrigieren. <\/p>\n\n\n\n<p>Dann gings schon los mit der Planung des Fluges vom Jungfraujoch. Zuerst Meteoanalyse, bis jetzt waren die Verh\u00e4ltnisse weiter perfekt um vom JF-Joch zu starten. Laut Wetterbericht w\u00fcrde dann die Thermik ca. um 15:00 so richtig Starten. So planten wir einen Start ab 15:00. <\/p>\n\n\n\n<p>Um 11:00 gings los richtung Lauterbrunnen. 12:07 waren wir auf dem Zug richtung JF-Joch und ca. 13:45 sind wir oben Eingetroffen. Wir kriegten dann eine Stunde &#8220;frei&#8221; um uns etwas auf der Spynx rum zu treiben und trafen uns um 14:45 auf dem &#8220;Plateaux&#8221; um zum Startplatz zu gehen. <\/p>\n\n\n\n<p>Der Startplatz ist vom Plateaux ca. 100m Entfernt und gut erreichbar. Man sieht vom Startplatz aus die Gletscherspalten die weiter unten auf einem warten, man hatte also einen definitiven Point of no return. Wir machten unsere Schirme im Flachen parat und warteten dann einer nach dem anderen mit dem Schirm in der Tulpe um zum Start zu kommen. Irgendwie war ich recht schnell und stand als zweiter am Startplatz. Als dann der \u00e4ltere Herr vor mir leider nicht genug beschleunigung produzieren konnte und leider den Start abbrechen musste. Gings pl\u00f6tzlich schnell. Kari hatte angst dass sich die Verh\u00e4ltnisse noch mehr abschw\u00e4chen (anstatt 15Km\/h Wind hatten wir 0 bis 5 Km\/h Wind) und wollte dass wir uns schnell raushauen. Er sah mich bereit und schickte mich gleich los, 1min nach dem er auf mich gezeigt hat war ich schon am starten. Unter den Anfeuerungsrufen von Kari beschleunigte ich raus und kam gut ins fliegen. Die ersten 10-15m sind extrem flach und man ist sehr gespannt obs wirklich reicht aber man merkt dann schnell dass man es wirklich geschafft hat. Da enwich sogar mir ein kleiner Jauchzer. <\/p>\n\n\n\n<p>Ich zog dann sofort nach rechts und flog an Spynx, M\u00f6nch, Eigernordwand vorbei richtung Pfingstegg (da wir dort eine mischung aus Talwindsoaring und Thermik erwarteten) &#8211; doch leider fand ich kein bisschen Steigen und musste nach einigen Suchkreisen \u00fcber der Pfingstegg im Grund landen gehen. Die Landung hab ich etwas verkackt aber ich war auch leicht \u00fcber die einzige Thermik die ich in dem Flug erleben konnte \u00fcberrascht &#8211; 10m vor dem Landekreis riss es mich pl\u00f6tzlich hoch und ich musste noch gut schauen, dass ich nicht einbombe. Auf dem Arsch bin ich trotzdem gelandet. <\/p>\n\n\n\n<p>Zwei weitere vom Camp landeten ebenfalls im Grund 5 weitere landeten irgendwo in der N\u00e4he des Hotel Wildhorn, einer schaffte es nicht in die luft und startete sp\u00e4ter am Eigergletscher und einer schaffte es mit viiiiel geduld \u00fcber die Grosse Scheidegg und dann sogar noch nach Interlaken! Wir &#8220;versager&#8221; wurden von Mirjam (Karis Frau) eingesammelt und zur Pfingsteggbahn gestellt. Wir fuhren hoch und Kari zeigte uns wie Toplanden geht. Er rief dann den Task &#8220;Chillout Fliegen&#8221; aus &#8211; einfach raushauen, geniessen und evtl. steigen. <\/p>\n\n\n\n<p>Nat\u00fcrlich stieg es endlich, wir konnten unsere neu erlernten Skills im zentrieren nutzen und konnten doch noch den Startplatz um 400m \u00fcberh\u00f6hen. nach +\/-  30min zogen wir dann raus zum Landeplatz (man h\u00e4tte dort noch lange drehen k\u00f6nnen aber 400m \u00fcber der Pfingstegg kommt man auch nirgends hin) und landeten gl\u00fccklich im Grund. <\/p>\n\n\n\n<p>Morgen haben wir 08:45 besammlung und fahren direkt los ins Fluggebiet, ich bin seeehr gespannt wo es hingeht! <\/p>\n\n\n\n<p>Der Heutige Tag war wieder super, der Flug vom Jungfraujoch werde ich so schnell nicht vergessen und das anschliessende Thermikfliegen setzte die Pfingstegg doch noch auf meine Liste der coolen Fluggebiete. Ausserdem war Kari der Meinung dass ich Morgen unbedingt einen Epsilon testen sollte &#8211; da bin ich sehr gespannt! <\/p>\n","protected":false},"excerpt":{"rendered":"<p>Heute haben wir uns wieder 09:15 im Shop getroffen. Zuerst wurde der gestrige Tag besprochen inkl. unserer Starts. Kari war mit meinem Start zwar zufrieden, aber ich m\u00fcsste viel mehr Kontrollphase einbauen. Da hat er vollkommen recht. Beim Rest des Kurses sahen die meisten Starts sehr gut aus und es gab nur details zu korrigieren.&hellip;<\/p>\n","protected":false},"author":2,"featured_media":0,"comment_status":"open","ping_status":"open","sticky":false,"template":"","format":"standard","meta":{"footnotes":""},"categories":[6,43,35],"tags":[],"class_list":["post-908","post","type-post","status-publish","format-standard","hentry","category-allgemein","category-fliegen","category-para"],"_links":{"self":[{"href":"https:\/\/www.raphaeleymann.ch\/index.php?rest_route=\/wp\/v2\/posts\/908","targetHints":{"allow":["GET"]}}],"collection":[{"href":"https:\/\/www.raphaeleymann.ch\/index.php?rest_route=\/wp\/v2\/posts"}],"about":[{"href":"https:\/\/www.raphaeleymann.ch\/index.php?rest_route=\/wp\/v2\/types\/post"}],"author":[{"embeddable":true,"href":"https:\/\/www.raphaeleymann.ch\/index.php?rest_route=\/wp\/v2\/users\/2"}],"replies":[{"embeddable":true,"href":"https:\/\/www.raphaeleymann.ch\/index.php?rest_route=%2Fwp%2Fv2%2Fcomments&post=908"}],"version-history":[{"count":0,"href":"https:\/\/www.raphaeleymann.ch\/index.php?rest_route=\/wp\/v2\/posts\/908\/revisions"}],"wp:attachment":[{"href":"https:\/\/www.raphaeleymann.ch\/index.php?rest_route=%2Fwp%2Fv2%2Fmedia&parent=908"}],"wp:term":[{"taxonomy":"category","embeddable":true,"href":"https:\/\/www.raphaeleymann.ch\/index.php?rest_route=%2Fwp%2Fv2%2Fcategories&post=908"},{"taxonomy":"post_tag","embeddable":true,"href":"https:\/\/www.raphaeleymann.ch\/index.php?rest_route=%2Fwp%2Fv2%2Ftags&post=908"}],"curies":[{"name":"wp","href":"https:\/\/api.w.org\/{rel}","templated":true}]}}